{"id":1276,"date":"2022-08-28T13:00:00","date_gmt":"2022-08-28T11:00:00","guid":{"rendered":"https:\/\/ffk.demo.jonasled.de\/?p=1276"},"modified":"2022-08-31T14:17:23","modified_gmt":"2022-08-31T12:17:23","slug":"test2","status":"publish","type":"post","link":"https:\/\/ffk.demo.jonasled.de\/index.php\/2022\/08\/28\/test2\/","title":{"rendered":"K\u00f6ln Treppenlauf"},"content":{"rendered":"\n<p>Es ist geschafft. Unsere drei Teams haben die 714 Stufen &#8211; insgesamt 132 H\u00f6henmeter &#8211; erfolgreich bezwungen.<\/p>\n\n\n\n<p>Das Team &#8222;Mein Lieblingsteam&#8220; bestehend aus Tanja &amp; Thorsten Kr\u00fcger sind in einer Zeit von 11:44 im Ziel angekommen.<\/p>\n\n\n\n<p>Das Team &#8222;WarumTuIchMirDasAn&#8220; bestehend aus Alexander Oser &amp; Florian Bauer waren in 19:17 am Ziel.<\/p>\n\n\n\n<p>Das Team &#8222;Sind auch dabei&#8220; bestehend aus Iven Frehsen &amp; Malte Rieger schafften es mit einer Zeit von 12:15 ins Ziel.<\/p>\n\n\n\n<p>Die hochsommerlichen Temperaturen und schweres Atemschutzger\u00e4t stellten f\u00fcr die Kameradinnen und Kameraden eine besonders hohe k\u00f6rperliche Belastung dar.<\/p>\n\n\n\n<p>Der Spa\u00df an dem Wettbewerb hat aber durchaus auch einen ernsten Hintergrund, Eins\u00e4tze unter Atemschutz stellen extreme Anspr\u00fcche an die k\u00f6rperliche und psychische Belastbarkeit der Feuerwehrangeh\u00f6rigen. Regelm\u00e4\u00dfige \u00dcbungen und Trainings helfen ihnen dabei, f\u00fcr diese Herausforderungen immer fit zu sein.<\/p>\n\n\n\n<p>Wir sind stolz auf eure Leistung und freuen uns, wenn ihr euch heute Abend zur\u00fcck in Ketsch wieder einsatzbereit meldet.<\/p>\n\n\n\n<p>Die Freiwillige Feuerwehr Ketsch ist immer f\u00fcr Ihre B\u00fcrgerinnen und B\u00fcrger da &#8211; rund um die Uhr an 365 Tagen im Jahr.<\/p>\n\n\n\n<p>Unsere Freizeit f\u00fcr Ihre Sicherheit.<\/p>\n","protected":false},"excerpt":{"rendered":"<p>Es ist geschafft. Unsere drei Teams haben die 714 Stufen &#8211; insgesamt 132 H\u00f6henmeter &#8211; erfolgreich bezwungen. Das Team &#8222;Mein Lieblingsteam&#8220; bestehend aus Tanja &amp; Thorsten Kr\u00fcger sind in einer Zeit von 11:44 im Ziel angekommen. Das Team &#8222;WarumTuIchMirDasAn&#8220; bestehend aus Alexander Oser &amp; Florian Bauer waren in 19:17 am Ziel. Das Team &#8222;Sind auch [&hellip;]<\/p>\n","protected":false},"author":1,"featured_media":0,"comment_status":"closed","ping_status":"open","sticky":false,"template":"","format":"standard","meta":{"footnotes":""},"categories":[1],"tags":[],"class_list":["post-1276","post","type-post","status-publish","format-standard","hentry","category-allgemein"],"_links":{"self":[{"href":"https:\/\/ffk.demo.jonasled.de\/index.php\/wp-json\/wp\/v2\/posts\/1276","targetHints":{"allow":["GET"]}}],"collection":[{"href":"https:\/\/ffk.demo.jonasled.de\/index.php\/wp-json\/wp\/v2\/posts"}],"about":[{"href":"https:\/\/ffk.demo.jonasled.de\/index.php\/wp-json\/wp\/v2\/types\/post"}],"author":[{"embeddable":true,"href":"https:\/\/ffk.demo.jonasled.de\/index.php\/wp-json\/wp\/v2\/users\/1"}],"replies":[{"embeddable":true,"href":"https:\/\/ffk.demo.jonasled.de\/index.php\/wp-json\/wp\/v2\/comments?post=1276"}],"version-history":[{"count":4,"href":"https:\/\/ffk.demo.jonasled.de\/index.php\/wp-json\/wp\/v2\/posts\/1276\/revisions"}],"predecessor-version":[{"id":1537,"href":"https:\/\/ffk.demo.jonasled.de\/index.php\/wp-json\/wp\/v2\/posts\/1276\/revisions\/1537"}],"wp:attachment":[{"href":"https:\/\/ffk.demo.jonasled.de\/index.php\/wp-json\/wp\/v2\/media?parent=1276"}],"wp:term":[{"taxonomy":"category","embeddable":true,"href":"https:\/\/ffk.demo.jonasled.de\/index.php\/wp-json\/wp\/v2\/categories?post=1276"},{"taxonomy":"post_tag","embeddable":true,"href":"https:\/\/ffk.demo.jonasled.de\/index.php\/wp-json\/wp\/v2\/tags?post=1276"}],"curies":[{"name":"wp","href":"https:\/\/api.w.org\/{rel}","templated":true}]}}